{"id":299,"date":"2020-03-22T07:33:36","date_gmt":"2020-03-22T07:33:36","guid":{"rendered":"http:\/\/my-glutenfree-moments.com\/?p=299"},"modified":"2022-04-09T18:21:48","modified_gmt":"2022-04-09T18:21:48","slug":"bananen-haselnuss-kuchen","status":"publish","type":"post","link":"http:\/\/my-glutenfree-moments.com\/?p=299","title":{"rendered":"BANANEN &#8211; HASELNUSS -KUCHEN"},"content":{"rendered":"\n<figure class=\"wp-block-image\"><img loading=\"lazy\" width=\"947\" height=\"947\" src=\"http:\/\/my-glutenfree-moments.com\/wp-content\/uploads\/2020\/03\/IMG_20200322_090537_155.jpg\" alt=\"\" class=\"wp-image-317\" srcset=\"http:\/\/my-glutenfree-moments.com\/wp-content\/uploads\/2020\/03\/IMG_20200322_090537_155.jpg 947w, http:\/\/my-glutenfree-moments.com\/wp-content\/uploads\/2020\/03\/IMG_20200322_090537_155-150x150.jpg 150w, http:\/\/my-glutenfree-moments.com\/wp-content\/uploads\/2020\/03\/IMG_20200322_090537_155-300x300.jpg 300w, http:\/\/my-glutenfree-moments.com\/wp-content\/uploads\/2020\/03\/IMG_20200322_090537_155-768x768.jpg 768w, http:\/\/my-glutenfree-moments.com\/wp-content\/uploads\/2020\/03\/IMG_20200322_090537_155-75x75.jpg 75w\" sizes=\"(max-width: 947px) 100vw, 947px\" \/><figcaption>BANANEN &#8211; HASELNUSS -KUCHEN<\/figcaption><\/figure>\n\n\n\n<p>Bis dieser Kuchen mal fertig im Kasten war&#8230;hatten wir wirklich&#8230;jede Menge Spa\u00df! <\/p>\n\n\n\n<p>Aber von vorne. Also ehrlich gesagt, hatte ich am Tag der Entstehung dieses Kuchens gar nicht vor, einen selbigen zu backen. Aber irgendwie kam pl\u00f6tzlich eine grandiose Hei\u00dfhungerattacke, die dazu gef\u00fchrt hat. Ich hatte abends ein Youtube Video geschaut&#8230;und die Person im Video backt seit ein paar Wochen st\u00e4ndig Bananenkuchen. Da wir sowieso noch ein paar Bananen hatten, die eigentlich dringend verarbeitet werden mussten, kam die Hei\u00dfhungerattacke gar nicht so ungelegen. <\/p>\n\n\n\n<p>Aber wenn ich schon einen Kuchen backe, dann kann ich ihn auch fotografieren&#8230;dachte ich mir! Hei\u00dft: Er soll auch sch\u00f6n aussehen! Also habe ich mir Mini-Junior zum Helfen und drei kleine Kuchenformen zum Bef\u00fcllen geschnappt. Die Banane sollte der kr\u00f6nende Abschluss auf dem Kuchen sein &#8211; sieht bestimmt sch\u00f6n aus&#8230;dachte ich erneut. Also Teig in 2 Kastenformen gef\u00fcllt und Banane obendrauf. Tja&#8230;und dann kam der typische Maren-Denk-Fail&#8230;.! Pl\u00f6tzlich schoss durch mein Gehirn, dass ich den Kuchen ja st\u00fclpen muss und die Bananen an die Unterseite des Kuchen setzen muss (\u00e4h&#8230;bitte warum denke ich das?). Also Teig wieder raus und Banane nach unten gelegt. Dann Teig wieder drauf. Der restliche Teig wanderte dann noch in eine kleine Gugelhupfform. Nunja&#8230;w\u00e4hrend des Backens und beim Blick in den Ofen musste ich dann nat\u00fcrlich feststellen, dass ich die nette Banane dann doch falsch platziert hatte und sie nat\u00fcrlich im Kuchen versunken war. <\/p>\n\n\n\n<p>Lecker war er trotzdem&#8230;! In der Kastenform aber nicht wirklich fotogen! Also&#8230;musste die Gugelhupfform f\u00fcrs Foto dran glauben! In welche Form auch immer ihr ihn packt, bleibt euch \u00fcberlassen! Ich w\u00fcnsche euch jedenfalls viel Spa\u00df beim Backen und guten Appetit!<\/p>\n\n\n\n<figure class=\"wp-block-image\"><img loading=\"lazy\" width=\"894\" height=\"894\" src=\"http:\/\/my-glutenfree-moments.com\/wp-content\/uploads\/2020\/03\/IMG_20200322_090537_154.jpg\" alt=\"\" class=\"wp-image-318\" srcset=\"http:\/\/my-glutenfree-moments.com\/wp-content\/uploads\/2020\/03\/IMG_20200322_090537_154.jpg 894w, http:\/\/my-glutenfree-moments.com\/wp-content\/uploads\/2020\/03\/IMG_20200322_090537_154-150x150.jpg 150w, http:\/\/my-glutenfree-moments.com\/wp-content\/uploads\/2020\/03\/IMG_20200322_090537_154-300x300.jpg 300w, http:\/\/my-glutenfree-moments.com\/wp-content\/uploads\/2020\/03\/IMG_20200322_090537_154-768x768.jpg 768w, http:\/\/my-glutenfree-moments.com\/wp-content\/uploads\/2020\/03\/IMG_20200322_090537_154-75x75.jpg 75w\" sizes=\"(max-width: 894px) 100vw, 894px\" \/><figcaption>BANANEN &#8211; HASELNUSS -KUCHEN<\/figcaption><\/figure>\n\n\n\n<p>Z<strong>utaten<\/strong><\/p>\n\n\n\n<ul><li> 150 g gf Mehlmischung <\/li><li> 100 g  Reismehl <\/li><li> 2 reife Bananen <\/li><li> 80 g geriebene Haseln\u00fcsse <\/li><li> 100 ml Sonnenblumen\u00f6l <\/li><li> 1 Pck  Vanillezucker <\/li><li> 100 g Zucker <\/li><li> 4  Eier <\/li><li> 1 Pck  Weinsteinbackpulver <\/li><li> Messerspitze Xanthan <\/li><li> Puderzucker zu Bestreuen <\/li><\/ul>\n\n\n\n<p><strong>Anleitung<\/strong><\/p>\n\n\n\n<ol><li> Bananen mit der Gabel zu einem Brei zerquetschen <\/li><li> Alle trockenen Zutaten miteinander vermengen <\/li><li> Eier, Vanillezucker und Zucker vermengen und schaumig schlagen und zu den trockenen Zutaten geben <\/li><li> \u00d6l unter R\u00fchren zum Teig hinzugeben <\/li><li> Den Kuchen in den vorgeheizten Backofen geben und bei 175 Grad Umluft f\u00fcr ca 60 Minuten backen. Mit der St\u00e4bchenprobe schauen, ob der Kuchen fertig ist <\/li><li> Guten Appetit! <\/li><\/ol>\n","protected":false},"excerpt":{"rendered":"<p>Bis dieser Kuchen mal fertig im Kasten war&#8230;hatten wir wirklich&#8230;jede Menge Spa\u00df! Aber von vorne. Also ehrlich gesagt, hatte ich am Tag der Entstehung dieses Kuchens gar nicht vor, einen selbigen zu backen. Aber irgendwie kam pl\u00f6tzlich eine grandiose Hei\u00dfhungerattacke, die dazu gef\u00fchrt hat. Ich hatte abends ein Youtube Video geschaut&#8230;und die Person im Video &hellip; <\/p>\n","protected":false},"author":1,"featured_media":318,"comment_status":"open","ping_status":"open","sticky":false,"template":"","format":"standard","meta":{"wprm-recipe-roundup-name":"","wprm-recipe-roundup-description":""},"categories":[9],"tags":[50,33,32,23],"_links":{"self":[{"href":"http:\/\/my-glutenfree-moments.com\/index.php?rest_route=\/wp\/v2\/posts\/299"}],"collection":[{"href":"http:\/\/my-glutenfree-moments.com\/index.php?rest_route=\/wp\/v2\/posts"}],"about":[{"href":"http:\/\/my-glutenfree-moments.com\/index.php?rest_route=\/wp\/v2\/types\/post"}],"author":[{"embeddable":true,"href":"http:\/\/my-glutenfree-moments.com\/index.php?rest_route=\/wp\/v2\/users\/1"}],"replies":[{"embeddable":true,"href":"http:\/\/my-glutenfree-moments.com\/index.php?rest_route=%2Fwp%2Fv2%2Fcomments&post=299"}],"version-history":[{"count":5,"href":"http:\/\/my-glutenfree-moments.com\/index.php?rest_route=\/wp\/v2\/posts\/299\/revisions"}],"predecessor-version":[{"id":683,"href":"http:\/\/my-glutenfree-moments.com\/index.php?rest_route=\/wp\/v2\/posts\/299\/revisions\/683"}],"wp:featuredmedia":[{"embeddable":true,"href":"http:\/\/my-glutenfree-moments.com\/index.php?rest_route=\/wp\/v2\/media\/318"}],"wp:attachment":[{"href":"http:\/\/my-glutenfree-moments.com\/index.php?rest_route=%2Fwp%2Fv2%2Fmedia&parent=299"}],"wp:term":[{"taxonomy":"category","embeddable":true,"href":"http:\/\/my-glutenfree-moments.com\/index.php?rest_route=%2Fwp%2Fv2%2Fcategories&post=299"},{"taxonomy":"post_tag","embeddable":true,"href":"http:\/\/my-glutenfree-moments.com\/index.php?rest_route=%2Fwp%2Fv2%2Ftags&post=299"}],"curies":[{"name":"wp","href":"https:\/\/api.w.org\/{rel}","templated":true}]}}